{"id":8502,"date":"2019-05-20T06:29:42","date_gmt":"2019-05-20T04:29:42","guid":{"rendered":"http:\/\/www.hfhr.org.pl\/tybet\/?p=8502"},"modified":"2019-05-17T08:08:07","modified_gmt":"2019-05-17T06:08:07","slug":"rugowanie-jezyka-tybetanskiego-ze-szkol-w-gologu","status":"publish","type":"post","link":"https:\/\/tybet.hfhr.org.pl\/?p=8502","title":{"rendered":"Rugowanie j\u0119zyka tybeta\u0144skiego ze szk\u00f3\u0142 w Gologu"},"content":{"rendered":"<p>W\u0142adze chi\u0144skie prefektury Golog (chi\u0144. Guoluo) w prowincji Qinghai (gdzie w zesz\u0142ym roku zorganizowano <a href=\"https:\/\/tybet.hfhr.org.pl\/?p=5801\" target=\"_blank\" rel=\"noopener noreferrer\">spo\u0142eczn\u0105 konferencj\u0119<\/a> promotor\u00f3w j\u0119zyka ojczystego) zakaza\u0142y nauczania po tybeta\u0144sku wszystkich przedmiot\u00f3w poza lekcjami j\u0119zyka tybeta\u0144skiego w klasach pierwszych.<\/p>\n\n\n<figure class=\"wp-block-image\"><img loading=\"lazy\" decoding=\"async\" width=\"740\" height=\"364\" src=\"https:\/\/tybet.hfhr.org.pl\/wp-content\/uploads\/2019\/05\/Golog-SzkolaPrzyklasztorna.jpg\" alt=\"\" class=\"wp-image-8503\" srcset=\"https:\/\/tybet.hfhr.org.pl\/wp-content\/uploads\/2019\/05\/Golog-SzkolaPrzyklasztorna.jpg 740w, https:\/\/tybet.hfhr.org.pl\/wp-content\/uploads\/2019\/05\/Golog-SzkolaPrzyklasztorna-300x148.jpg 300w\" sizes=\"auto, (max-width: 740px) 100vw, 740px\" \/><\/figure>\n\n\n\n<!--more-->\n\n\n<p>Do tej pory j\u0119zykiem wyk\u0142adowym \u2013 poza lekcjami chi\u0144skiego \u2013 w wi\u0119kszo\u015bci szk\u00f3\u0142 Gologu by\u0142 tybeta\u0144ski. \u201eZarz\u0105dzenie 101\u201d (wydane na podstawie \u201erekomendacji lokalnych komitet\u00f3w doradczych\u201d) s\u0142u\u017cy\u0107 ma \u201eposzerzeniu perspektyw akademickich\u201d uczni\u00f3w.<\/p>\n<p>Nowe zasady nauczania b\u0119d\u0105 obowi\u0105zywa\u0142y \u201eod jesieni\u201d we wszystkich szko\u0142ach podstawowych i \u015brednich. W\u0142adze o\u015bwiatowe maj\u0105 nadzorowa\u0107 program i organizowa\u0107 warsztaty dla nauczycieli, \u201eaby poprawi\u0107 ich znajomo\u015b\u0107 chi\u0144skiego oraz oswoi\u0107 z nowymi podr\u0119cznikami\u201d.<\/p>","protected":false},"excerpt":{"rendered":"<p>W\u0142adze chi\u0144skie prefektury Golog (chi\u0144. Guoluo) w prowincji Qinghai (gdzie w zesz\u0142ym roku zorganizowano spo\u0142eczn\u0105 konferencj\u0119 promotor\u00f3w j\u0119zyka ojczystego) zakaza\u0142y nauczania po tybeta\u0144sku wszystkich przedmiot\u00f3w poza lekcjami j\u0119zyka tybeta\u0144skiego w klasach pierwszych.<\/p>\n","protected":false},"author":1,"featured_media":0,"comment_status":"closed","ping_status":"closed","sticky":false,"template":"","format":"standard","meta":{"footnotes":""},"categories":[2,17],"tags":[28,44,31],"class_list":["post-8502","post","type-post","status-publish","format-standard","hentry","category-aktualnosci","category-hfpc","tag-edukacja","tag-jezyk","tag-marginalizacja"],"_links":{"self":[{"href":"https:\/\/tybet.hfhr.org.pl\/index.php?rest_route=\/wp\/v2\/posts\/8502","targetHints":{"allow":["GET"]}}],"collection":[{"href":"https:\/\/tybet.hfhr.org.pl\/index.php?rest_route=\/wp\/v2\/posts"}],"about":[{"href":"https:\/\/tybet.hfhr.org.pl\/index.php?rest_route=\/wp\/v2\/types\/post"}],"author":[{"embeddable":true,"href":"https:\/\/tybet.hfhr.org.pl\/index.php?rest_route=\/wp\/v2\/users\/1"}],"replies":[{"embeddable":true,"href":"https:\/\/tybet.hfhr.org.pl\/index.php?rest_route=%2Fwp%2Fv2%2Fcomments&post=8502"}],"version-history":[{"count":1,"href":"https:\/\/tybet.hfhr.org.pl\/index.php?rest_route=\/wp\/v2\/posts\/8502\/revisions"}],"predecessor-version":[{"id":8504,"href":"https:\/\/tybet.hfhr.org.pl\/index.php?rest_route=\/wp\/v2\/posts\/8502\/revisions\/8504"}],"wp:attachment":[{"href":"https:\/\/tybet.hfhr.org.pl\/index.php?rest_route=%2Fwp%2Fv2%2Fmedia&parent=8502"}],"wp:term":[{"taxonomy":"category","embeddable":true,"href":"https:\/\/tybet.hfhr.org.pl\/index.php?rest_route=%2Fwp%2Fv2%2Fcategories&post=8502"},{"taxonomy":"post_tag","embeddable":true,"href":"https:\/\/tybet.hfhr.org.pl\/index.php?rest_route=%2Fwp%2Fv2%2Ftags&post=8502"}],"curies":[{"name":"wp","href":"https:\/\/api.w.org\/{rel}","templated":true}]}}