{"id":8553,"date":"2019-06-03T06:29:42","date_gmt":"2019-06-03T04:29:42","guid":{"rendered":"http:\/\/www.hfhr.org.pl\/tybet\/?p=8553"},"modified":"2019-09-19T08:20:25","modified_gmt":"2019-09-19T06:20:25","slug":"wladze-chinskie-walcza-ze-zdjeciami-dalajlamy-w-kardze","status":"publish","type":"post","link":"https:\/\/tybet.hfhr.org.pl\/?p=8553","title":{"rendered":"W\u0142adze chi\u0144skie walcz\u0105 ze zdj\u0119ciami Dalajlamy w Kardze"},"content":{"rendered":"<p>W\u0142adze chi\u0144skie og\u0142osi\u0142y <a href=\"https:\/\/tybet.hfhr.org.pl\/?p=6764\" target=\"_blank\" rel=\"noopener noreferrer\">kolejn\u0105<\/a> kampani\u0119 \u201ezwalczania zdj\u0119\u0107 Dalajlamy\u201d w prefekturze Kardze (chi\u0144. Ganzi) prowincji Sichuan.<\/p>\n\n\n<figure class=\"wp-block-image\"><img loading=\"lazy\" decoding=\"async\" width=\"791\" height=\"442\" src=\"https:\/\/tybet.hfhr.org.pl\/wp-content\/uploads\/2019\/05\/Kardze-KlasztornyTron-PortretDalajlamy.png\" alt=\"\" class=\"wp-image-8554\" srcset=\"https:\/\/tybet.hfhr.org.pl\/wp-content\/uploads\/2019\/05\/Kardze-KlasztornyTron-PortretDalajlamy.png 791w, https:\/\/tybet.hfhr.org.pl\/wp-content\/uploads\/2019\/05\/Kardze-KlasztornyTron-PortretDalajlamy-300x168.png 300w, https:\/\/tybet.hfhr.org.pl\/wp-content\/uploads\/2019\/05\/Kardze-KlasztornyTron-PortretDalajlamy-768x429.png 768w\" sizes=\"auto, (max-width: 791px) 100vw, 791px\" \/><\/figure>\n\n\n\n<!--more-->\n\n\n<p>Wed\u0142ug lokalnych \u017ar\u00f3de\u0142 kampani\u0119 rozpocz\u0119to pod koniec kwietnia w Sertharze (chi\u0144. Seda), ale \u201eszybko rozlewa si\u0119 na s\u0105siednie okr\u0119gi\u201d.<\/p>\n<p>Tym razem aparatczycy \u201efatyguj\u0105 si\u0119 do najmniejszych osad, kt\u00f3rymi wcze\u015bniej nikt si\u0119 nie interesowa\u0142, bo nie maj\u0105 nawet dr\u00f3g dojazdowych\u201d. Portrety Dalajlamy maj\u0105 znikn\u0105\u0107 z wszystkich domowych o\u0142tarzy. W\u0142adze strasz\u0105, \u017ce je\u015bli je znajd\u0105, b\u0119d\u0119 kara\u0107 grzywnami nie tylko \u201ewinnych\u201d, ale tak\u017ce \u201eodbiera\u0107 ziemi\u0119 so\u0142tysom wiosek\u201d.<\/p>\n<p>Grzywn\u0105 ukarano te\u017c cz\u0142owieka, \u201ekt\u00f3ry mia\u0142 w telefonie zdj\u0119cia o\u0142tarza z portretem Jego \u015awi\u0105tobliwo\u015bci\u201d.<\/p>","protected":false},"excerpt":{"rendered":"<p>W\u0142adze chi\u0144skie og\u0142osi\u0142y kolejn\u0105 kampani\u0119 \u201ezwalczania zdj\u0119\u0107 Dalajlamy\u201d w prefekturze Kardze (chi\u0144. Ganzi) prowincji Sichuan.<\/p>\n","protected":false},"author":1,"featured_media":0,"comment_status":"closed","ping_status":"closed","sticky":false,"template":"","format":"standard","meta":{"footnotes":""},"categories":[2,17],"tags":[49,26],"class_list":["post-8553","post","type-post","status-publish","format-standard","hentry","category-aktualnosci","category-hfpc","tag-dalajlama","tag-polityka"],"_links":{"self":[{"href":"https:\/\/tybet.hfhr.org.pl\/index.php?rest_route=\/wp\/v2\/posts\/8553","targetHints":{"allow":["GET"]}}],"collection":[{"href":"https:\/\/tybet.hfhr.org.pl\/index.php?rest_route=\/wp\/v2\/posts"}],"about":[{"href":"https:\/\/tybet.hfhr.org.pl\/index.php?rest_route=\/wp\/v2\/types\/post"}],"author":[{"embeddable":true,"href":"https:\/\/tybet.hfhr.org.pl\/index.php?rest_route=\/wp\/v2\/users\/1"}],"replies":[{"embeddable":true,"href":"https:\/\/tybet.hfhr.org.pl\/index.php?rest_route=%2Fwp%2Fv2%2Fcomments&post=8553"}],"version-history":[{"count":1,"href":"https:\/\/tybet.hfhr.org.pl\/index.php?rest_route=\/wp\/v2\/posts\/8553\/revisions"}],"predecessor-version":[{"id":8555,"href":"https:\/\/tybet.hfhr.org.pl\/index.php?rest_route=\/wp\/v2\/posts\/8553\/revisions\/8555"}],"wp:attachment":[{"href":"https:\/\/tybet.hfhr.org.pl\/index.php?rest_route=%2Fwp%2Fv2%2Fmedia&parent=8553"}],"wp:term":[{"taxonomy":"category","embeddable":true,"href":"https:\/\/tybet.hfhr.org.pl\/index.php?rest_route=%2Fwp%2Fv2%2Fcategories&post=8553"},{"taxonomy":"post_tag","embeddable":true,"href":"https:\/\/tybet.hfhr.org.pl\/index.php?rest_route=%2Fwp%2Fv2%2Ftags&post=8553"}],"curies":[{"name":"wp","href":"https:\/\/api.w.org\/{rel}","templated":true}]}}