{"id":8978,"date":"2019-09-06T07:19:25","date_gmt":"2019-09-06T05:19:25","guid":{"rendered":"https:\/\/tybet.hfhr.org.pl\/?p=8978"},"modified":"2019-09-06T07:19:26","modified_gmt":"2019-09-06T05:19:26","slug":"uprowadzony-mnich-klasztoru-kirti-skazany-na-trzy-lata-wiezienia","status":"publish","type":"post","link":"https:\/\/tybet.hfhr.org.pl\/?p=8978","title":{"rendered":"Uprowadzony mnich klasztoru Kirti skazany na trzy lata wi\u0119zienia"},"content":{"rendered":"\n<p>Lobsang Dord\u017ce \u2013 mnich <a href=\"https:\/\/tybet.hfhr.org.pl\/?p=8884\" target=\"_blank\" rel=\"noopener noreferrer\">uprowadzony<\/a> przed rokiem z klasztoru Kirti w Ngabie (chi\u0144. Aba), w prowincji Sichuan \u2013 zosta\u0142 skazany na trzy lata pozbawienia wolno\u015bci.<\/p>\n<p><a href=\"https:\/\/tybet.hfhr.org.pl\/wp-content\/uploads\/2019\/09\/LobsangDordze-Ngaba-MnichKirti-ZatrzymanyLipiec2018-Skazany3Wrzesnia2019-3LataWiezienia.jpg\"><img loading=\"lazy\" decoding=\"async\" class=\"alignnone size-medium wp-image-8979\" src=\"https:\/\/tybet.hfhr.org.pl\/wp-content\/uploads\/2019\/09\/LobsangDordze-Ngaba-MnichKirti-ZatrzymanyLipiec2018-Skazany3Wrzesnia2019-3LataWiezienia-169x300.jpg\" alt=\"\" width=\"169\" height=\"300\" srcset=\"https:\/\/tybet.hfhr.org.pl\/wp-content\/uploads\/2019\/09\/LobsangDordze-Ngaba-MnichKirti-ZatrzymanyLipiec2018-Skazany3Wrzesnia2019-3LataWiezienia-169x300.jpg 169w, https:\/\/tybet.hfhr.org.pl\/wp-content\/uploads\/2019\/09\/LobsangDordze-Ngaba-MnichKirti-ZatrzymanyLipiec2018-Skazany3Wrzesnia2019-3LataWiezienia.jpg 405w\" sizes=\"auto, (max-width: 169px) 100vw, 169px\" \/><\/a><\/p>\n<p><!--more--><\/p>\n<p>Wed\u0142ug tybeta\u0144skich \u017ar\u00f3de\u0142 trzydziestosze\u015bcioletniego duchownego \u201ezabrano\u201d z klasztoru w lipcu 2018 roku. Spekulowano, \u017ce powodem zatrzymania by\u0142o \u201eutrzymywanie kontakt\u00f3w\u201d z diaspor\u0105.<\/p>\n<p>Lobsang Dord\u017ce by\u0142 potem \u201eprzenoszony z aresztu do aresztu\u201d, ale na proces wr\u00f3ci\u0142 do Ngaby, gdzie skazano na 3 wrze\u015bnia. Nie wiadomo, o co by\u0142 oskar\u017cony.<\/p>\n<p>Lobsang Dord\u017ce odby\u0142 ju\u017c jeden wyrok dw\u00f3ch lat wi\u0119zienia za udzia\u0142 w <a href=\"https:\/\/tybet.hfhr.org.pl\/?p=6039\" target=\"_blank\" rel=\"noopener noreferrer\">antychi\u0144skich protestach<\/a> w 2008 roku.<\/p>\n","protected":false},"excerpt":{"rendered":"<p>Lobsang Dord\u017ce \u2013 mnich uprowadzony przed rokiem z klasztoru Kirti w Ngabie (chi\u0144. Aba), w prowincji Sichuan \u2013 zosta\u0142 skazany na trzy lata pozbawienia wolno\u015bci.<\/p>\n","protected":false},"author":1,"featured_media":0,"comment_status":"closed","ping_status":"closed","sticky":false,"template":"","format":"standard","meta":{"footnotes":""},"categories":[2,17],"tags":[22],"class_list":["post-8978","post","type-post","status-publish","format-standard","hentry","category-aktualnosci","category-hfpc","tag-wyroki"],"_links":{"self":[{"href":"https:\/\/tybet.hfhr.org.pl\/index.php?rest_route=\/wp\/v2\/posts\/8978","targetHints":{"allow":["GET"]}}],"collection":[{"href":"https:\/\/tybet.hfhr.org.pl\/index.php?rest_route=\/wp\/v2\/posts"}],"about":[{"href":"https:\/\/tybet.hfhr.org.pl\/index.php?rest_route=\/wp\/v2\/types\/post"}],"author":[{"embeddable":true,"href":"https:\/\/tybet.hfhr.org.pl\/index.php?rest_route=\/wp\/v2\/users\/1"}],"replies":[{"embeddable":true,"href":"https:\/\/tybet.hfhr.org.pl\/index.php?rest_route=%2Fwp%2Fv2%2Fcomments&post=8978"}],"version-history":[{"count":1,"href":"https:\/\/tybet.hfhr.org.pl\/index.php?rest_route=\/wp\/v2\/posts\/8978\/revisions"}],"predecessor-version":[{"id":8980,"href":"https:\/\/tybet.hfhr.org.pl\/index.php?rest_route=\/wp\/v2\/posts\/8978\/revisions\/8980"}],"wp:attachment":[{"href":"https:\/\/tybet.hfhr.org.pl\/index.php?rest_route=%2Fwp%2Fv2%2Fmedia&parent=8978"}],"wp:term":[{"taxonomy":"category","embeddable":true,"href":"https:\/\/tybet.hfhr.org.pl\/index.php?rest_route=%2Fwp%2Fv2%2Fcategories&post=8978"},{"taxonomy":"post_tag","embeddable":true,"href":"https:\/\/tybet.hfhr.org.pl\/index.php?rest_route=%2Fwp%2Fv2%2Ftags&post=8978"}],"curies":[{"name":"wp","href":"https:\/\/api.w.org\/{rel}","templated":true}]}}