{"id":9306,"date":"2019-12-09T06:29:07","date_gmt":"2019-12-09T05:29:07","guid":{"rendered":"https:\/\/tybet.hfhr.org.pl\/?p=9306"},"modified":"2020-05-06T08:47:25","modified_gmt":"2020-05-06T06:47:25","slug":"dziewieciu-skazanych-zgon-zatrzymanego-za-walke-z-korupcja-w-gade","status":"publish","type":"post","link":"https:\/\/tybet.hfhr.org.pl\/?p=9306","title":{"rendered":"Dziewi\u0119ciu skazanych, zgon zatrzymanego za walk\u0119 z korupcj\u0105 w Gade"},"content":{"rendered":"\n<p><span lang=\"pl-PL\">Anja Sengdra \u2013 <a href=\"https:\/\/tybet.hfhr.org.pl\/?p=7628\" target=\"_blank\" rel=\"noopener noreferrer\">zatrzymany<\/a> we wrze\u015bniu 2018 roku dzia\u0142acz spo\u0142eczny z <\/span>Gade (chi\u0144. Gande) w prefekturze Golog (chi\u0144. Guoluo) prowincji Qinghai \u2013 6 grudnia zosta\u0142 skazany po dwudniowym procesie na siedem lat wi\u0119zienia za \u201ewzywanie do zak\u0142\u00f3cania porz\u0105dku publicznego, wszczynanie burd i wywo\u0142ywanie problem\u00f3w\u201d.<\/p>\n<p><a href=\"https:\/\/tybet.hfhr.org.pl\/wp-content\/uploads\/2019\/12\/AnjaSangdra-GadeGolog-7LatWiezienia-Skazany6Grudnia2019.jpg\"><img loading=\"lazy\" decoding=\"async\" class=\"alignnone size-medium wp-image-9315\" src=\"https:\/\/tybet.hfhr.org.pl\/wp-content\/uploads\/2019\/12\/AnjaSangdra-GadeGolog-7LatWiezienia-Skazany6Grudnia2019-225x300.jpg\" alt=\"\" width=\"225\" height=\"300\" srcset=\"https:\/\/tybet.hfhr.org.pl\/wp-content\/uploads\/2019\/12\/AnjaSangdra-GadeGolog-7LatWiezienia-Skazany6Grudnia2019-225x300.jpg 225w, https:\/\/tybet.hfhr.org.pl\/wp-content\/uploads\/2019\/12\/AnjaSangdra-GadeGolog-7LatWiezienia-Skazany6Grudnia2019.jpg 720w\" sizes=\"auto, (max-width: 225px) 100vw, 225px\" \/><\/a><\/p>\n<p><!--more--><\/p>\n<p>Chi\u0144ski adwokat Lin Qilei (na zdj\u0119ciu z synem skazanego) informuje, \u017ce razem z Anj\u0105 s\u0105dzono o\u015bmiu Tybeta\u0144czyk\u00f3w z Gologu. Wszyscy zostali \u201euznani za winnych i trafi\u0105 do wi\u0119zienia\u201d.<\/p>\n<p><a href=\"https:\/\/tybet.hfhr.org.pl\/wp-content\/uploads\/2019\/12\/LinQileiAdwoka-6Grudnia2019-AnjaSangdra7LatWiezienia-NaZdjeciuSyn.jpg\"><img loading=\"lazy\" decoding=\"async\" class=\"alignnone size-medium wp-image-9307\" src=\"https:\/\/tybet.hfhr.org.pl\/wp-content\/uploads\/2019\/12\/LinQileiAdwoka-6Grudnia2019-AnjaSangdra7LatWiezienia-NaZdjeciuSyn-296x300.jpg\" alt=\"\" width=\"296\" height=\"300\" srcset=\"https:\/\/tybet.hfhr.org.pl\/wp-content\/uploads\/2019\/12\/LinQileiAdwoka-6Grudnia2019-AnjaSangdra7LatWiezienia-NaZdjeciuSyn-296x300.jpg 296w, https:\/\/tybet.hfhr.org.pl\/wp-content\/uploads\/2019\/12\/LinQileiAdwoka-6Grudnia2019-AnjaSangdra7LatWiezienia-NaZdjeciuSyn.jpg 583w\" sizes=\"auto, (max-width: 296px) 100vw, 296px\" \/><\/a><\/p>\n<p>Dzimtri \u2013 brat Anji Sengdry zatrzymany 16 grudnia 2018 roku \u2013 zosta\u0142 przewieziony z aresztu \u015bledczego do szpitala w Silingu (chi\u0144. Xining), gdzie zmar\u0142 w \u201eniewyja\u015bnionych okoliczno\u015bciach\u201d.<\/p>\n<p>Wed\u0142ug obro\u0144cy Anja Sengdra \u201enie zgadza si\u0119 z wyrokiem i b\u0119dzie si\u0119 od niego odwo\u0142ywa\u0142\u201d.<\/p>\n<p>Anja Sengdra od lat walczy\u0142 z korupcj\u0105, czym narazi\u0142 si\u0119 lokalnym aparatczykom i zyska\u0142 ogromny szacunek ziomk\u00f3w, kt\u00f3rzy napisali w jego obronie co najmniej <a href=\"https:\/\/tybet.hfhr.org.pl\/?p=7827\" target=\"_blank\" rel=\"noopener noreferrer\">trzy petycje<\/a>. W areszcie by\u0142 bity, przez siedem tygodnie nie dopuszczano do niego adwokata, najbli\u017cszym nie udzielono zgody na \u017cadne widzenie.<\/p>\n","protected":false},"excerpt":{"rendered":"<p>Anja Sengdra \u2013 zatrzymany we wrze\u015bniu 2018 roku dzia\u0142acz spo\u0142eczny z Gade (chi\u0144. Gande) w prefekturze Golog (chi\u0144. Guoluo) prowincji Qinghai \u2013 6 grudnia zosta\u0142 skazany po dwudniowym procesie na siedem lat wi\u0119zienia za \u201ewzywanie do zak\u0142\u00f3cania porz\u0105dku publicznego, wszczynanie burd i wywo\u0142ywanie problem\u00f3w\u201d.<\/p>\n","protected":false},"author":1,"featured_media":0,"comment_status":"closed","ping_status":"closed","sticky":false,"template":"","format":"standard","meta":{"footnotes":""},"categories":[2,17],"tags":[31,20,22],"class_list":["post-9306","post","type-post","status-publish","format-standard","hentry","category-aktualnosci","category-hfpc","tag-marginalizacja","tag-protesty-spoleczne","tag-wyroki"],"_links":{"self":[{"href":"https:\/\/tybet.hfhr.org.pl\/index.php?rest_route=\/wp\/v2\/posts\/9306","targetHints":{"allow":["GET"]}}],"collection":[{"href":"https:\/\/tybet.hfhr.org.pl\/index.php?rest_route=\/wp\/v2\/posts"}],"about":[{"href":"https:\/\/tybet.hfhr.org.pl\/index.php?rest_route=\/wp\/v2\/types\/post"}],"author":[{"embeddable":true,"href":"https:\/\/tybet.hfhr.org.pl\/index.php?rest_route=\/wp\/v2\/users\/1"}],"replies":[{"embeddable":true,"href":"https:\/\/tybet.hfhr.org.pl\/index.php?rest_route=%2Fwp%2Fv2%2Fcomments&post=9306"}],"version-history":[{"count":4,"href":"https:\/\/tybet.hfhr.org.pl\/index.php?rest_route=\/wp\/v2\/posts\/9306\/revisions"}],"predecessor-version":[{"id":9865,"href":"https:\/\/tybet.hfhr.org.pl\/index.php?rest_route=\/wp\/v2\/posts\/9306\/revisions\/9865"}],"wp:attachment":[{"href":"https:\/\/tybet.hfhr.org.pl\/index.php?rest_route=%2Fwp%2Fv2%2Fmedia&parent=9306"}],"wp:term":[{"taxonomy":"category","embeddable":true,"href":"https:\/\/tybet.hfhr.org.pl\/index.php?rest_route=%2Fwp%2Fv2%2Fcategories&post=9306"},{"taxonomy":"post_tag","embeddable":true,"href":"https:\/\/tybet.hfhr.org.pl\/index.php?rest_route=%2Fwp%2Fv2%2Ftags&post=9306"}],"curies":[{"name":"wp","href":"https:\/\/api.w.org\/{rel}","templated":true}]}}