{"id":9877,"date":"2020-05-11T06:29:18","date_gmt":"2020-05-11T04:29:18","guid":{"rendered":"https:\/\/tybet.hfhr.org.pl\/?p=9877"},"modified":"2020-05-08T08:59:07","modified_gmt":"2020-05-08T06:59:07","slug":"zgon-bylego-wieznia-politycznego-w-sertharze","status":"publish","type":"post","link":"https:\/\/tybet.hfhr.org.pl\/?p=9877","title":{"rendered":"Zgon by\u0142ego wi\u0119\u017ania politycznego w Sertharze"},"content":{"rendered":"\n<p>Czokji \u2013 by\u0142y wi\u0119zie\u0144 polityczny, kt\u00f3ry sp\u0119dzi\u0142 za kratami cztery lata za \u015bwi\u0119towanie urodzin Dalajlamy \u2013 zmar\u0142 7 maja w rodzinnym domu, w Sertharze (chi\u0144. Seda), w prowincji Sichuan, poniewa\u017c \u201ew\u0142adze uniemo\u017cliwi\u0142y mu podj\u0119cie leczenia\u201d.<\/p>\n<p><a href=\"https:\/\/tybet.hfhr.org.pl\/wp-content\/uploads\/2020\/05\/Czokji-AresztowanyCzerwiec2015-4LataWieznieniaZaUrodzinyDalajlamy-Zmarl7Maja2020.jpg\"><img loading=\"lazy\" decoding=\"async\" class=\"alignnone size-medium wp-image-9878\" src=\"https:\/\/tybet.hfhr.org.pl\/wp-content\/uploads\/2020\/05\/Czokji-AresztowanyCzerwiec2015-4LataWieznieniaZaUrodzinyDalajlamy-Zmarl7Maja2020-248x300.jpg\" alt=\"\" width=\"248\" height=\"300\" srcset=\"https:\/\/tybet.hfhr.org.pl\/wp-content\/uploads\/2020\/05\/Czokji-AresztowanyCzerwiec2015-4LataWieznieniaZaUrodzinyDalajlamy-Zmarl7Maja2020-248x300.jpg 248w, https:\/\/tybet.hfhr.org.pl\/wp-content\/uploads\/2020\/05\/Czokji-AresztowanyCzerwiec2015-4LataWieznieniaZaUrodzinyDalajlamy-Zmarl7Maja2020.jpg 323w\" sizes=\"auto, (max-width: 248px) 100vw, 248px\" \/><\/a><\/p>\n<p><!--more--><\/p>\n<p>Czterdziestotrzyletni by\u0142y mnich zosta\u0142 <a href=\"https:\/\/tybet.hfhr.org.pl\/?p=1728\" target=\"_blank\" rel=\"noopener noreferrer\">zatrzymany<\/a> w 19 czerwca 2015 roku za noszenie koszulki z napisem \u201e\u015awi\u0119tujemy <a href=\"https:\/\/tybet.hfhr.org.pl\/?p=1547\" target=\"_blank\" rel=\"noopener noreferrer\">osiemdziesi\u0119ciolecie<\/a> Jego \u015awi\u0105tobliwo\u015bci\u201d. Nast\u0119pnego dnia policja przysz\u0142a po jego siostr\u0119 i siostrze\u0144ca, kt\u00f3rych zwolniono po dw\u00f3ch tygodniach \u201eprzes\u0142ucha\u0144 i bicia\u201d.<\/p>\n<p>Czokji, kt\u00f3ry mia\u0142 wcze\u015bniej k\u0142opoty ze zdrowiem, zosta\u0142 skazany na cztery lata pozbawienia wolno\u015bci i przewieziony do wi\u0119zienia Mianyangu w Chengdu, stolicy prowincji. Pod koniec 2017 roku bliscy <a href=\"https:\/\/tybet.hfhr.org.pl\/?p=5589\" target=\"_blank\" rel=\"noopener noreferrer\">alarmowali<\/a>, \u017ce jest w ci\u0119\u017ckim stanie z powodu bicia i przymusowej pracy. W tym samy czasie skr\u00f3cono mu comiesi\u0119czne widzenia \u201edo kilku minut\u201d oraz zabroniono krewnym przynoszenia \u017cywno\u015bci i lekarstw.<\/p>\n<p>Po zwolnieniu Czokji bezskutecznie prosi\u0142 w\u0142adze o zgod\u0119 na opuszczenie rodzinnej wioski i podj\u0119cie szpitalnego leczenia, na kt\u00f3rego op\u0142acenie mogli sobie pozwoli\u0107 jego krewni. Wed\u0142ug by\u0142ego wi\u0119\u017ania, kt\u00f3ry go odwiedzi\u0142, w kwietniu by\u0142 ju\u017c \u201etak os\u0142abiony, \u017ce trudno mu by\u0142o wypowiedzie\u0107 cho\u0107by jedno s\u0142owo\u201d.<\/p>\n<p>\u00a0<\/p>\n","protected":false},"excerpt":{"rendered":"<p>Czokji \u2013 by\u0142y wi\u0119zie\u0144 polityczny, kt\u00f3ry sp\u0119dzi\u0142 za kratami cztery lata za \u015bwi\u0119towanie urodzin Dalajlamy \u2013 zmar\u0142 7 maja w rodzinnym domu, w Sertharze (chi\u0144. Seda), w prowincji Sichuan, poniewa\u017c \u201ew\u0142adze uniemo\u017cliwi\u0142y mu podj\u0119cie leczenia\u201d.<\/p>\n","protected":false},"author":1,"featured_media":0,"comment_status":"closed","ping_status":"closed","sticky":false,"template":"","format":"standard","meta":{"footnotes":""},"categories":[2,17],"tags":[49,48,22],"class_list":["post-9877","post","type-post","status-publish","format-standard","hentry","category-aktualnosci","category-hfpc","tag-dalajlama","tag-tortury","tag-wyroki"],"_links":{"self":[{"href":"https:\/\/tybet.hfhr.org.pl\/index.php?rest_route=\/wp\/v2\/posts\/9877","targetHints":{"allow":["GET"]}}],"collection":[{"href":"https:\/\/tybet.hfhr.org.pl\/index.php?rest_route=\/wp\/v2\/posts"}],"about":[{"href":"https:\/\/tybet.hfhr.org.pl\/index.php?rest_route=\/wp\/v2\/types\/post"}],"author":[{"embeddable":true,"href":"https:\/\/tybet.hfhr.org.pl\/index.php?rest_route=\/wp\/v2\/users\/1"}],"replies":[{"embeddable":true,"href":"https:\/\/tybet.hfhr.org.pl\/index.php?rest_route=%2Fwp%2Fv2%2Fcomments&post=9877"}],"version-history":[{"count":3,"href":"https:\/\/tybet.hfhr.org.pl\/index.php?rest_route=\/wp\/v2\/posts\/9877\/revisions"}],"predecessor-version":[{"id":9881,"href":"https:\/\/tybet.hfhr.org.pl\/index.php?rest_route=\/wp\/v2\/posts\/9877\/revisions\/9881"}],"wp:attachment":[{"href":"https:\/\/tybet.hfhr.org.pl\/index.php?rest_route=%2Fwp%2Fv2%2Fmedia&parent=9877"}],"wp:term":[{"taxonomy":"category","embeddable":true,"href":"https:\/\/tybet.hfhr.org.pl\/index.php?rest_route=%2Fwp%2Fv2%2Fcategories&post=9877"},{"taxonomy":"post_tag","embeddable":true,"href":"https:\/\/tybet.hfhr.org.pl\/index.php?rest_route=%2Fwp%2Fv2%2Ftags&post=9877"}],"curies":[{"name":"wp","href":"https:\/\/api.w.org\/{rel}","templated":true}]}}